{"id":171,"date":"2019-12-04T15:55:06","date_gmt":"2019-12-04T15:55:06","guid":{"rendered":"http:\/\/cicia.nt.ro\/mameadolescente\/?p=171"},"modified":"2019-12-04T15:55:06","modified_gmt":"2019-12-04T15:55:06","slug":"provocarile-vietii-speranta-tv-mamele-adolescente","status":"publish","type":"post","link":"https:\/\/cicia.nt.ro\/mameadolescente\/2019\/12\/04\/provocarile-vietii-speranta-tv-mamele-adolescente\/","title":{"rendered":"Provoc\u0103rile Vie\u021bii &#8211; Speran\u021ba TV &#8211; Mamele Adolescente"},"content":{"rendered":"<p>Adela Szentes, psihoterapeut \u00een cadrul Asocia\u021biei ANAIS, a luat parte ca invitat \u00een cadrul emisiunii TV transmis\u0103 live pe canalul de Facebook a televiziunii online Speran\u021ba TV, emisiune \u00een care au fost discutate situa\u021bia mamelor adolescente din Rom\u00e2nia \u0219i abordarea sexualit\u0103\u021bii \u00een r\u00e2ndul adolescen\u021bilor.<\/p>\n<p>Recomand\u0103m aceast\u0103 emisiune at\u00e2t altor speciali\u0219ti care intr\u0103 \u00een contact cu mame adolescente \u00een demersurile lor profesionale, dar \u0219i p\u0103rin\u021bilor (chiar viitorilor p\u0103rin\u021bi) \u0219i nu \u00een ultimul r\u00e2nd, ADOLESCEN\u021aILOR!<\/p>\n<p><a class=\"_58cn\" href=\"https:\/\/www.facebook.com\/hashtag\/provocarilevietii?epa=HASHTAG\" data-ft=\"{&quot;type&quot;:104,&quot;tn&quot;:&quot;*N&quot;}\">#provocarilevietii<\/a><br \/>\nRealizator emisiune: ADINA TOMOIAG\u0102<br \/>\n<span class=\"_5mfr\"><span class=\"_6qdm\">\u27a1\ufe0f<\/span><\/span><span id=\"bd_nd_B937DB990D1548698380D65CF906E308_anchor_120\"><\/span><a href=\"http:\/\/www.rvs.ro\/live?fbclid=IwAR2WBZAr0dYQBnRZm6gUB3mQU2kRr99IUyJuU-o1LE5asQnGk0oBpOCZ6Vc\" target=\"_blank\" rel=\"nofollow noopener\" data-lynx-mode=\"asynclazy\" data-lynx-uri=\"https:\/\/l.facebook.com\/l.php?u=http%3A%2F%2Fwww.rvs.ro%2Flive%3Ffbclid%3DIwAR2WBZAr0dYQBnRZm6gUB3mQU2kRr99IUyJuU-o1LE5asQnGk0oBpOCZ6Vc&amp;h=AT1AGtDllbwOPK3F5LFN3FsnIF3zB-Xox2JlQKa1udHWNLGl7cdEnt8XuwjaIkzxqPeGgWxIXCokeiCCdS4djlj4K7kENF_uzhWADZ6Rrfgl5mVqL92_81cyg9kcdlPLQcEy1g\">www.rvs.ro\/live<\/a><br \/>\n<span class=\"_5mfr\"><span class=\"_6qdm\">\u27a1\ufe0f<\/span><\/span><span id=\"bd_nd_B937DB990D1548698380D65CF906E308_anchor_121\"><\/span><a href=\"http:\/\/www.sperantatv.ro\/urmareste-live?fbclid=IwAR0w10BuHAp2XsQqRF6UCZ-AdK-ezHRH449D-xiY_PD73Wzf8khhCYcjU1s\" target=\"_blank\" rel=\"nofollow noopener\" data-lynx-mode=\"asynclazy\" data-lynx-uri=\"https:\/\/l.facebook.com\/l.php?u=http%3A%2F%2Fwww.sperantatv.ro%2Furmareste-live%3Ffbclid%3DIwAR0w10BuHAp2XsQqRF6UCZ-AdK-ezHRH449D-xiY_PD73Wzf8khhCYcjU1s&amp;h=AT1Af4OpQgSpkGjgVxnc--8ANzM4r0RfxKaPi_b_cqafAWVbYIrZpSKSbYVSNvWUYf-bkCYRAODbOcae6IXKquoM0xX7c9Ah_VRccr3jIce1Pi4V6w5C-jg2kL1SpnnRBN2AYw\">www.sperantatv.ro\/<wbr \/>urmareste-live<\/a><\/p>\n<div id=\"fb-root\"><\/div>\n<p><script async=\"1\" defer=\"1\" crossorigin=\"anonymous\" src=\"https:\/\/connect.facebook.net\/ro_RO\/sdk.js#xfbml=1&amp;version=v5.0\"><\/script><\/p>\n<div class=\"fb-video\" data-href=\"https:\/\/www.facebook.com\/sperantatv.ro\/videos\/vb.125442940848405\/2470741099860386\/?type=2&amp;theater\" data-width=\"1080\">\n<blockquote cite=\"https:\/\/www.facebook.com\/sperantatv.ro\/videos\/2470741099860386\/\" class=\"fb-xfbml-parse-ignore\"><p><a href=\"https:\/\/www.facebook.com\/sperantatv.ro\/videos\/2470741099860386\/\"><\/a><\/p>\n<p>#provocarilevietiiRealizator: ADINA TOMOIAG\u0102  MAME ADOLESCENTE \u27a1\ufe0fwww.rvs.ro\/live\u27a1\ufe0fwww.sperantatv.ro\/urmareste-live<\/p>\n<p>Publicat\u0103 de <a href=\"https:\/\/www.facebook.com\/sperantatv.ro\/\">SperantaTV<\/a> pe Miercuri, 20 noiembrie 2019<\/p><\/blockquote>\n<\/div>\n","protected":false},"excerpt":{"rendered":"<p>Adela Szentes, psihoterapeut \u00een cadrul Asocia\u021biei ANAIS, a luat parte ca invitat \u00een cadrul emisiunii TV transmis\u0103 live pe canalul de Facebook a televiziunii online Speran\u021ba TV, emisiune \u00een care au fost discutate situa\u021bia mamelor adolescente din Rom\u00e2nia \u0219i abordarea sexualit\u0103\u021bii \u00een r\u00e2ndul adolescen\u021bilor. Recomand\u0103m aceast\u0103 emisiune at\u00e2t altor speciali\u0219ti<\/p>\n","protected":false},"author":1,"featured_media":0,"comment_status":"open","ping_status":"open","sticky":false,"template":"","format":"standard","meta":[],"categories":[4],"tags":[20,12,23,28,31,21,19,25,26,27,30,24,22,29],"_links":{"self":[{"href":"https:\/\/cicia.nt.ro\/mameadolescente\/wp-json\/wp\/v2\/posts\/171"}],"collection":[{"href":"https:\/\/cicia.nt.ro\/mameadolescente\/wp-json\/wp\/v2\/posts"}],"about":[{"href":"https:\/\/cicia.nt.ro\/mameadolescente\/wp-json\/wp\/v2\/types\/post"}],"author":[{"embeddable":true,"href":"https:\/\/cicia.nt.ro\/mameadolescente\/wp-json\/wp\/v2\/users\/1"}],"replies":[{"embeddable":true,"href":"https:\/\/cicia.nt.ro\/mameadolescente\/wp-json\/wp\/v2\/comments?post=171"}],"version-history":[{"count":1,"href":"https:\/\/cicia.nt.ro\/mameadolescente\/wp-json\/wp\/v2\/posts\/171\/revisions"}],"predecessor-version":[{"id":172,"href":"https:\/\/cicia.nt.ro\/mameadolescente\/wp-json\/wp\/v2\/posts\/171\/revisions\/172"}],"wp:attachment":[{"href":"https:\/\/cicia.nt.ro\/mameadolescente\/wp-json\/wp\/v2\/media?parent=171"}],"wp:term":[{"taxonomy":"category","embeddable":true,"href":"https:\/\/cicia.nt.ro\/mameadolescente\/wp-json\/wp\/v2\/categories?post=171"},{"taxonomy":"post_tag","embeddable":true,"href":"https:\/\/cicia.nt.ro\/mameadolescente\/wp-json\/wp\/v2\/tags?post=171"}],"curies":[{"name":"wp","href":"https:\/\/api.w.org\/{rel}","templated":true}]}}