{"id":193,"date":"2020-05-21T09:52:26","date_gmt":"2020-05-21T09:52:26","guid":{"rendered":"http:\/\/cicia.nt.ro\/mameadolescente\/?p=193"},"modified":"2020-05-21T09:53:08","modified_gmt":"2020-05-21T09:53:08","slug":"oare-chiar-are-nevoie-scoala-romaneasca-de-cursuri-de-educatie-a-sanatatii-reproductive","status":"publish","type":"post","link":"https:\/\/cicia.nt.ro\/mameadolescente\/2020\/05\/21\/oare-chiar-are-nevoie-scoala-romaneasca-de-cursuri-de-educatie-a-sanatatii-reproductive\/","title":{"rendered":"Oare chiar are nevoie \u0219coala rom\u00e2neasc\u0103 de cursuri de educa\u021bie a s\u0103n\u0103t\u0103\u021bii reproductive?"},"content":{"rendered":"<p>La \u00eenceputul lunii aprilie 2020 a fost promulgat\u0103 Legea care prevede obligativitatea organiz\u0103rii \u00een unit\u0103\u0163ile \u015fcolare cel pu\u0163in o dat\u0103 pe semestru, a unor programe de educa\u0163ie pentru via\u0163\u0103 \u015fi pentru s\u0103n\u0103tate, inclusiv educa\u0163ie sexual\u0103 pentru copii (Legea nr. 45\/2020 pentru modificarea \u0219i completarea Legii nr. 272\/2004 privind protec\u021bia \u0219i promovarea drepturilor copilului). Dup\u0103 aceast\u0103 decizie, lumea s-a \u00eemp\u0103r\u021bit \u00een dou\u0103 tabere: sus\u021bin\u0103torii unei astfel de m\u0103suri, tab\u0103ra ce consider\u0103 binevenit acest demers legislativ \u0219i cei ce se \u00eempotrivesc unor astfel de cursuri oferite copiilor \u00een \u0219coal\u0103, marea majoritate a acestora din urm\u0103 argument\u00e2nd c\u0103 totul ar trebui realizat \u00een familie, \u0219coala neintervenind \u00eentr-o astfel de situa\u021bie.<\/p>\n<p>&nbsp;<\/p>\n<p><!--more--><\/p>\n<p>\u00cen \u00eencercarea mea de a fi obiectiv\u0103 \u0219i impar\u021bial\u0103 \u00een cazul acestui subiect, am considerat c\u0103 nu trebuie s\u0103 mai scriu despre acest subiect, lumea fiind s\u0103tul\u0103 deja de \u0219tiri pe aceast\u0103 tem\u0103. \u0218i dau peste un articol de pe site-ul <a href=\"http:\/\/www.mediafax.ro\">www.mediafax.ro<\/a>, din data de 13 Mai 2020, din a c\u0103rui titlu afl\u0103m cu non\u0219alan\u021b\u0103 c\u0103 o t\u00een\u0103r\u0103\u00a0 minor\u0103 de 14 ani a fugit din centrul de plasament. Articolul \u00een cauz\u0103 poate fi citit acces\u00e2nd link-ul urm\u0103tor: <a href=\"https:\/\/www.mediafax.ro\/social\/o-fata-de-14-ani-a-disparut-dintr-un-centru-de-plasament-aceasta-este-cautata-de-politie-19130553\">https:\/\/www.mediafax.ro\/social\/o-fata-de-14-ani-a-disparut-dintr-un-centru-de-plasament-aceasta-este-cautata-de-politie-19130553<\/a> . C\u0103ut\u00e2nd pe internet date despre acest caz, am dat peste un alt articol, publicat la dou\u0103 zile diferen\u021b\u0103 fa\u021b\u0103 de cel din Mediafax, articol din care afl\u0103m c\u0103 aceast\u0103 t\u00e2n\u0103r\u0103 a fost g\u0103sit\u0103 la o adres\u0103 din D\u00e2mbovi\u021ba \u0219i c\u0103, din cauza restric\u021biilor impuse de starea de alert\u0103\/starea de urgen\u021b\u0103 din Rom\u00e2nia ca urmare a infec\u021biei cu virusul COVID 19, aceasta nu va putea fi al\u0103turi de copilul ei pentru o perioada de 2 s\u0103pt\u0103m\u00e2ni. Articolul poate fi citit la adresa <a href=\"https:\/\/gorjeanul.ro\/adolescenta-de-14-ani-care-a-disparut-dintr-un-centru-de-plasament-din-tg-carbunesti-a-fost-gasita\/\">https:\/\/gorjeanul.ro\/adolescenta-de-14-ani-care-a-disparut-dintr-un-centru-de-plasament-din-tg-carbunesti-a-fost-gasita\/<\/a><\/p>\n<p>La o prim\u0103 vedere, am tras o concluzie general\u0103, pe care probabil mul\u021bi dintre cei ca mine o fac, \u0219i anume: un alt caz de r\u0103zvr\u0103tire adolescentin\u0103. Dar, pe m\u0103sur\u0103 ce citim, afl\u0103m c\u00e2teva detalii esen\u021biale \u0219i foarte importante despre t\u00een\u0103ra fat\u0103. Mai exact, ea era o proasp\u0103t\u0103 m\u0103mic\u0103, o fat\u0103 ce n\u0103scuse un bebelu\u0219 \u00een luna februarie a acestui an. Din p\u0103cate, din articol nu afl\u0103m detalii despre cum a ajuns aceast\u0103 fat\u0103 \u00een acel centru de plasament sau ce s-a \u00eent\u00e2mplat cu bebelu\u0219ul ei (analiz\u00e2nd cazul dup\u0103 informa\u021biile adunate din cele dou\u0103 articole se poate deduce c\u0103 aceast\u0103 fat\u0103 \u00ee\u0219i abandonase bebelu\u0219ul \u00een centrul de plasament).<\/p>\n<p>Experien\u021ba dob\u00e2ndit\u0103 \u00een lucrul cu mamele minore, mai ales cea din cadrul proiectului <strong>Erasmus+, The BOND<\/strong>, m\u0103 oblig\u0103 s\u0103-mi pun c\u00e2teva \u00eentreb\u0103ri rela\u021bionate cu ultima modificare ap\u0103rut\u0103 \u00een educa\u021bia tinerilor, \u0219i anume cursurile de educa\u021bie a s\u0103n\u0103t\u0103\u021bii: oare o astfel de situa\u021bie nu ar fi fost prevenit\u0103 dac\u0103 t\u00e2n\u0103ra noastr\u0103 ar fi luat parte la un astfel de curs? C\u00e2te tinere fete \u0219tiu detalii despre depresia post natal\u0103 (care este mult mai agresiv\u0103 la m\u0103micile adolescente dec\u00e2t la mamele mai mature) sau cunosc detalii despre schimb\u0103rile hormonale care apar \u00een organismul femeii dup\u0103 ce devine mam\u0103? Oare aceast\u0103 t\u00e2n\u0103r\u0103 a primit sprijinul \u0219i suportul institu\u021biilor statului atunci c\u00e2nd a avut nevoie?<\/p>\n<p>Dac\u0103 ar fi s\u0103 facem o program\u0103 a unor cursuri de educa\u021bie a s\u0103n\u0103t\u0103\u021bii, consider c\u0103 ar fi de bun augur s\u0103 fie oferite tinerelor fete \u0219i tinerilor b\u0103ie\u021bi \u0219i astfel de informa\u021bii. Poate chiar exemple de institu\u021bii, organisme non-guvernamentale care activeaz\u0103 \u00een domeniu \u0219i care ar putea s\u0103 le ajute cu informa\u021bii suplimentare.<\/p>\n<p>Zilele trecute am v\u0103zut postat pe canalul de facebook al organiza\u021biei Sexul vs Barza (<a href=\"https:\/\/www.facebook.com\/sexulvsbarza\/\">https:\/\/www.facebook.com\/sexulvsbarza\/<\/a>) despre lansarea unor cursuri individuale, familiale, pe care Adriana Radu dore\u0219te s\u0103 le ofere tinerilor din Rom\u00e2nia interesa\u021bi de mai multe informa\u021bii din zona sexualit\u0103\u021bii personale. Un astfel de demers este l\u0103udabil \u0219i foarte binevenit. Mi-ar pl\u0103cea s\u0103 cred c\u0103 mul\u021bi tineri din Rom\u00e2nia \u00ee\u0219i doresc s\u0103 participle \u00eempreun\u0103 cu mama sau tata la un astfel de curs\/\u0219edin\u021b\u0103 \u0219i s\u0103 aib\u0103 puterea de a discuta mult mai deschis despre problemele de natur\u0103 sexual\u0103 cu care se confrunt\u0103.<\/p>\n<p>A\u0219 dori ca Ministerul Educa\u021biei s\u0103 vin\u0103 c\u00e2t mai cur\u00e2nd cu o propunere de program\u0103 pentru acest curs, program\u0103 ce ar merita o dezbatere public\u0103, \u00een care at\u00e2t p\u0103rin\u021bii c\u00e2t \u0219i organiza\u021biile ce activeaz\u0103 \u00een acest domeniu s\u0103 aib\u0103 un cuv\u00e2nt de spus.\u00a0 Cu astfel de ini\u021biative cred c\u0103 tinerii din Rom\u00e2nia merg \u00een direc\u021bia cea bun\u0103 \u0219i devin mult mai con\u0219tien\u021bi de propria persoan\u0103, de propriile limite \u0219i de a fi mult mai \u00eencrez\u0103tori \u00een toate demersurile lor viitoare. Cu astfel de m\u0103suri, ajut\u0103m la construirea unor personalit\u0103\u021bi puternice, curajoase s\u0103 zic\u0103 NU \u0219i cu limite personale solide \u0219i greu de str\u0103puns.<\/p>\n<p>\u00cen cadrul proiectului <strong>Erasmus+, The BOND<\/strong>, asocia\u021bia CICIA, \u00eempreun\u0103 cu ceilal\u021bi parteneri din cadrul proiectului, a elaborat o serie de materiale pentru organizarea unor ateliere dedicate tinerelor mame, \u00een special mamelor adolescente, materiale foarte utile \u0219i necesare \u00een abordarea acestor persoane. Ne dorim ca aceste materiale s\u0103 ajung\u0103 la un num\u0103r c\u00e2t mai mare de persoane ce lucreaz\u0103 cu aceste tinere: personalul din centrele maternale, alte institu\u021bii ale statului ce lucreaz\u0103 \u00een mod direct cu tinerele adolescente, organiza\u021bii ce \u00ee\u0219i dedic\u0103 munca tinerilor din Rom\u00e2nia \u0219i care cred cu t\u0103rie \u00een tinerii no\u0219tri. Acest material poate fi accesat GRATUIT la urm\u0103toarea adres\u0103:<\/p>\n<p><a href=\"http:\/\/cicia.nt.ro\/mameadolescente\/wp-content\/uploads\/2020\/02\/BOND-Scenarios-workshop-for-Youthworkers-RO.pdf\">http:\/\/cicia.nt.ro\/mameadolescente\/wp-content\/uploads\/2020\/02\/BOND-Scenarios-workshop-for-Youthworkers-RO.pdf<\/a><\/p>\n<p>Sper\u0103m ca aceste informa\u021bii s\u0103 v\u0103 fie de folos!<\/p>\n<p><img loading=\"lazy\" class=\"alignnone size-medium wp-image-195\" src=\"http:\/\/cicia.nt.ro\/mameadolescente\/wp-content\/uploads\/2020\/05\/logo-BOND-442x311.jpg\" alt=\"\" width=\"442\" height=\"311\" srcset=\"https:\/\/cicia.nt.ro\/mameadolescente\/wp-content\/uploads\/2020\/05\/logo-BOND-442x311.jpg 442w, https:\/\/cicia.nt.ro\/mameadolescente\/wp-content\/uploads\/2020\/05\/logo-BOND-768x540.jpg 768w, https:\/\/cicia.nt.ro\/mameadolescente\/wp-content\/uploads\/2020\/05\/logo-BOND.jpg 906w\" sizes=\"(max-width: 442px) 100vw, 442px\" \/><\/p>\n","protected":false},"excerpt":{"rendered":"<p>La \u00eenceputul lunii aprilie 2020 a fost promulgat\u0103 Legea care prevede obligativitatea organiz\u0103rii \u00een unit\u0103\u0163ile \u015fcolare cel pu\u0163in o dat\u0103 pe semestru, a unor programe de educa\u0163ie pentru via\u0163\u0103 \u015fi pentru s\u0103n\u0103tate, inclusiv educa\u0163ie sexual\u0103 pentru copii (Legea nr. 45\/2020 pentru modificarea \u0219i completarea Legii nr. 272\/2004 privind protec\u021bia \u0219i<\/p>\n","protected":false},"author":1,"featured_media":0,"comment_status":"open","ping_status":"open","sticky":false,"template":"","format":"standard","meta":[],"categories":[4,2],"tags":[44,43],"_links":{"self":[{"href":"https:\/\/cicia.nt.ro\/mameadolescente\/wp-json\/wp\/v2\/posts\/193"}],"collection":[{"href":"https:\/\/cicia.nt.ro\/mameadolescente\/wp-json\/wp\/v2\/posts"}],"about":[{"href":"https:\/\/cicia.nt.ro\/mameadolescente\/wp-json\/wp\/v2\/types\/post"}],"author":[{"embeddable":true,"href":"https:\/\/cicia.nt.ro\/mameadolescente\/wp-json\/wp\/v2\/users\/1"}],"replies":[{"embeddable":true,"href":"https:\/\/cicia.nt.ro\/mameadolescente\/wp-json\/wp\/v2\/comments?post=193"}],"version-history":[{"count":3,"href":"https:\/\/cicia.nt.ro\/mameadolescente\/wp-json\/wp\/v2\/posts\/193\/revisions"}],"predecessor-version":[{"id":197,"href":"https:\/\/cicia.nt.ro\/mameadolescente\/wp-json\/wp\/v2\/posts\/193\/revisions\/197"}],"wp:attachment":[{"href":"https:\/\/cicia.nt.ro\/mameadolescente\/wp-json\/wp\/v2\/media?parent=193"}],"wp:term":[{"taxonomy":"category","embeddable":true,"href":"https:\/\/cicia.nt.ro\/mameadolescente\/wp-json\/wp\/v2\/categories?post=193"},{"taxonomy":"post_tag","embeddable":true,"href":"https:\/\/cicia.nt.ro\/mameadolescente\/wp-json\/wp\/v2\/tags?post=193"}],"curies":[{"name":"wp","href":"https:\/\/api.w.org\/{rel}","templated":true}]}}