{"id":199,"date":"2020-06-15T10:49:35","date_gmt":"2020-06-15T10:49:35","guid":{"rendered":"http:\/\/cicia.nt.ro\/mameadolescente\/?p=199"},"modified":"2020-07-09T09:57:16","modified_gmt":"2020-07-09T09:57:16","slug":"mamipetocuri-ro-in-tara-in-care-femeilor-le-place-sa-fie-batute-barbatii-nu-merita-sa-fie-liberi","status":"publish","type":"post","link":"https:\/\/cicia.nt.ro\/mameadolescente\/2020\/06\/15\/mamipetocuri-ro-in-tara-in-care-femeilor-le-place-sa-fie-batute-barbatii-nu-merita-sa-fie-liberi\/","title":{"rendered":"mamipetocuri.ro- \u00cen \u021bara \u00een care femeilor le place s\u0103 fie b\u0103tute, b\u0103rba\u021bii nu merit\u0103 s\u0103 fie liberi!"},"content":{"rendered":"<p><em>Fream\u0103t\u0103 \u021bara c\u0103 s-a introdus educa\u021bia pentru via\u021b\u0103 \u0219i s\u0103n\u0103tate \u00een \u0219coli, \u00een timp ce un tat\u0103 care \u0219i-a violat feti\u021ba de 6 ani este eliberat pe motiv c\u0103 nu reprezint\u0103 un pericol pentru societate iar o fat\u0103 de 18 ani este ucis\u0103 de cel care-o abuzase \u0219i c\u0103ruia \u00eei f\u0103cuse pl\u00e2ngere la poli\u021bie cu c\u00e2teva zile \u00eenainte de crim\u0103.<\/em><\/p>\n<p><em>Astea sunt doar 2 exemple din ultima s\u0103pt\u0103m\u00e2n\u0103 care mi-au ajuns la urechi f\u0103r\u0103 nici un fel de efort. Statisticile spun c\u0103 \u00een Rom\u00e2nia, o femeie este abuzat\u0103 la fiecare 30 de secunde.<\/em><\/p>\n<p><!--more--><\/p>\n<p><em>Marea majoritate stau de fric\u0103, cele mai curajoase fug, cele mai pu\u021bin norocoase, mor. Iar \u00een ciuda legilor d\u0103t\u0103toare de minim\u0103 speran\u021b\u0103 \u00een favoarea victimelor, abuzatorii sunt l\u0103sa\u021bi s\u0103 plece acas\u0103, lini\u0219ti\u021bi, pentru c\u0103 \u201dnu\u201d e de fapt da, pentru c\u0103 ele au c\u0103utat-o, le place \u0219i a\u0219a se simt iubite.<\/em><\/p>\n<h4><em>\u00cen \u021bara \u00een care femeilor le place s\u0103 fie b\u0103tute, b\u0103rba\u021bii nu merit\u0103 s\u0103 fie liberi<\/em><\/h4>\n<p><em>Citesc c\u0103 educa\u021bia sexual\u0103 i-ar ajuta pe tineri s\u0103-\u0219i \u00een\u021beleag\u0103 mai bine emo\u021biile, s\u0103 \u00een\u021beleag\u0103 implica\u021biile unei rela\u021bii cu un partener, s\u0103 cunoasc\u0103 \u0219i s\u0103 se fereasc\u0103 de bolile cu transmitere sexual\u0103, s\u0103 evite o posibil\u0103 sarcin\u0103 nedorit\u0103. Str\u00e2ns legat de asta, pe lista acestor profesioni\u0219ti care \u00een\u021beleg c\u0103 \u00eenc\u0103 nu exist\u0103 \u00een Rom\u00e2nia ca \u0219i formare, dar se dore\u0219te preg\u0103tirea lor c\u00e2t mai rapid\u0103, vor exista informa\u021bii despre abuz \u0219i probabil, cum s\u0103 reac\u021bioneze \u00een fa\u021ba agresorului.<\/em><\/p>\n<p><em>Sun\u0103 bine \u00een teorie, dar nu pot s\u0103 nu remarc discordan\u021ba major\u0103 cu practica de zi cu zi. Pe de o parte ne dorim \u0219i ne d\u0103m de ceasul mor\u021bii s\u0103 ne ajut\u0103m tinerii de un posibil abuz: fizic, emo\u021bional, verbal, dar pe de alt\u0103 parte \u00eenchidem ochii \u0219i le \u00eencuraj\u0103m abuzatorilor faptele, eliber\u00e2ndu-i ca \u0219i cum nimic nu s-ar fi \u00eent\u00e2mplat.<\/em><\/p>\n<p><em>P\u0103i cum le ajut\u0103m noi pe tinere povestindu-le c\u0103 este gre\u0219it s\u0103 accepte o palm\u0103 din partea partenerului dac\u0103 poli\u021bia din sat ridic\u0103 din umeri \u0219i judec\u0103torul \u00eei iart\u0103 pe motiv c\u0103 ele au c\u0103utat-o?<\/em><\/p>\n<p><em>Cum le spunem noi, fetelor, c\u0103 e gre\u0219it s\u0103 fie atinse la zonele intime f\u0103r\u0103 acceptul lor dac\u0103 atunci c\u00e2nd declar\u0103 abuzul la poli\u021bie, vina e tot a lor c\u0103 s-au \u00eembr\u0103cat provocator?<\/em><\/p>\n<p><em>Eu sunt complet de acord cu toate programele de educa\u021bie pentru via\u021b\u0103 \u0219i s\u0103n\u0103tate, dar s\u0103 se \u00eenceap\u0103 cu cei care strig\u0103 \u00een gura mare c\u0103 o fust\u0103 scurt\u0103 merit\u0103 violat\u0103, s\u0103 li se reprogrameze creierele ca s\u0103 \u00een\u021beleag\u0103 o dat\u0103 pentru totdeauna c\u0103 oricum ar ar\u0103ta fata de l\u00e2ng\u0103 ei, nimeni nu are nici un drept s\u0103 o ating\u0103 f\u0103r\u0103 acordul ei. \u0218i apoi, poli\u021bia \u0219i judec\u0103torii, toat\u0103 floarea masculin\u0103 carpato-danubiano-pontic care nu mi\u0219c\u0103 un neuron \u00een front s\u0103 intre \u00een proces de reeducare compatibil cu secolul XXI.<\/em><\/p>\n<p><em>C\u0103 a trecut vremea barbarilor unde armatele pustiau meleagurile, violau femeile, omorau copiii \u0219i luau b\u0103rba\u021bii ca sclavi. Acum avem educa\u021bie sexual\u0103 \u00een \u0219coli, am intrat \u00een Uniunea European\u0103, facem \u0219coal\u0103 on line, femeile muncesc poate de dou\u0103 ori mai mult dec\u00e2t b\u0103rba\u021bii ca s\u0103 le fie tuturora bine acas\u0103, sunt corporatiste, mergem la psiholog, cre\u0219tem animale \u00een cas\u0103, avem TV \u0219i filme c\u00e2te vrem, vorbim c\u00e2te 2-3 limbi str\u0103ine \u0219i ne facem vacan\u021bele peste hotare.<\/em><\/p>\n<p><em>M\u0103 g\u00e2ndesc c\u0103 am dep\u0103\u0219it momentul epocii de piatr\u0103 \u0219i putem spera dac\u0103 nu la s\u0103rmanul cu 2 clase, m\u0103car la poli\u021bistul \u0219i judec\u0103torul cu ceva mai mult\u0103 \u0219coal\u0103 la activ c\u0103 vor pune um\u0103rul la schimbarea mentalit\u0103\u021bii acestui popor!<\/em><\/p>\n<h4><em>C\u0103 puterea unui popor st\u0103 \u00een educa\u021bie, nu \u00een func\u021bia din contract!<\/em><\/h4>\n<p><em>\u0218i degeaba educ\u0103m \u021b\u0103ranul de la c\u00e2mp \u0219i fetele cu copii \u00een bra\u021be de 14 ani dac\u0103 ditamai intelectualul a r\u0103mas la stadiul de r\u00e2m\u0103, eliber\u00e2nd violatorul propriei feti\u021be de 6 ani pe motiv c\u0103 nu e periculos. P\u0103i nu e, c\u0103 n-a mai apucat s-o bat\u0103, deci, dac\u0103 st\u0103m s\u0103 ne g\u00e2ndim nici nu prea a fost abuz.<\/em><\/p>\n<p><em>A\u0219a c\u0103, \u00eenainte s\u0103 ne preocupe educa\u021bia sexual\u0103 din \u0219coli a copiilor, eu sunt curioas\u0103 cine o s\u0103-i educe pe cei \u00eenscri\u0219i la \u201d\u0219coala vie\u021bii\u201d \u0219i s\u0103 le explice pe \u00een\u021belesul lor c\u0103 orice tip de abuz este un delict \u0219i se pedepse\u0219te cu ani grei de \u00eenchisoare.<\/em><br \/>\n<em>Nu e suficient doar s\u0103 \u00eenv\u0103\u021b\u0103m ce ar trebui \u0219i ce nu ar trebui s\u0103 facem, de la ce v\u00e2st\u0103 \u0219i cu cine! \u00cen \u021bara unde o femeie este abuzat\u0103 la fie are 30 de secunde, avem nevoie s\u0103 \u0219tim c\u0103 legea e de partea noastr\u0103!<\/em><\/p>\n<p><em>Dup\u0103 ce femeile vor \u00eencepe s\u0103 fie ap\u0103rate \u0219i protejate de b\u0103rba\u021bii adev\u0103ra\u021bi ai acestei \u021b\u0103ri, vor c\u00e2\u0219tiga \u00eencredere, vor sim\u021bi c\u0103 nu sunt singure, vor cunoa\u0219te respectul pentru corpul \u0219i intimitatea lor \u0219i cum e s\u0103 spui NU atunci c\u00e2nd e NU.<\/em><\/p>\n<p><em>Vor fi f\u0103cut un pas \u00een fa\u021ba abuzurilor care de cele mai multe ori vin din familie, de la v\u00e2rste fragede.<\/em><\/p>\n<h4><em>Valoarea uman\u0103 e mai presus de bani \u0219i prestigiu<\/em><\/h4>\n<p><em>M-am uitat zilele trecute la un documentar pe Netflix despre Jeffrey Epstein, un miliardar american arestat pentru c\u0103 a abuzat sexual peste 39 de fete minore. \u00cen prim\u0103 faz\u0103 a fost condamnat la numai 13 luni de \u00eenchisoare de unde ie\u0219ea c\u00e2nd voia \u0219i se ducea unde voia. Practic, celula era pentru el ca o camer\u0103 de hotel, fiind protejat la acea vreme de Bill Clinton, Trump, Prin\u021bul Andrew \u0219i al\u021bii. Abia \u00een 2019, dup\u0103 14 de la prima pl\u00e2ngere \u00eempotriva lui, cu ajutorul c\u00e2torva victime care au avut curaj s\u0103 lupte al\u0103turi de c\u00e2\u021biva avoca\u021bi care au crezut \u00een ele, au reu\u0219it s\u0103-l aresteze din nou, dar cu c\u00e2teva zile \u00eenainte de condamnare s-a sinucis \u00een celula sa. Gurile rele spun c\u0103 a fost ceva \u201daranjat\u201d, dar motivul pentru care v\u0103 spun acestea e c\u0103 o fi lumea astea condus\u0103 pe ici colo de ni\u0219te penisuri \u00een erec\u021bie \u0219i portofele pline cu bani, dar adev\u0103ra\u021bii c\u00e2\u0219tig\u0103tori sunt cei care reu\u0219esc s\u0103 ias\u0103 din linie \u0219i s\u0103 vad\u0103 adev\u0103rata frumuse\u021be a valorii umane din prisma respectului f\u0103\u021b\u0103 de cel de l\u00e2ng\u0103 noi.<\/em><\/p>\n<p><em>\u00centr-o \u021bar\u0103 unde la fiecare 30 de secunde o femeie este abuzat\u0103, e nevoie de oameni dedica\u021bi \u0219i curajo\u0219i care s\u0103 ne ajute pe to\u021bi s\u0103 tr\u0103im \u00eentr-o societate care-\u0219i respect\u0103 mamele \u0219i viitoarele mame.<\/em><\/p>\n<p><em>\u00cen ciuda mor\u021bii lui Jeffrey Epstein, \u00eenainte de proces, judec\u0103torul a decis s\u0103 le ofere victimelor o zi \u00een sala de judecat\u0103 pentru a-\u0219i spune durerea \u0219i a \u00eencuraja \u0219i alte victime s\u0103 nu tac\u0103 niciodat\u0103 c\u00e2nd simt c\u0103 le este atins\u0103 integritatea.<\/em><\/p>\n<p><em>Le-a ajutat, astfel, s\u0103 nu simt\u0103 c\u0103 munca lor a fost \u00een zadar, ci din contr\u0103, c\u0103 numai datorit\u0103 lor au putut demonstra lumii \u00eentregi c\u0103 exist\u0103 dreptate, m\u0103car la nivel moral. \u0218i ne vor aminti mereu c\u0103 nimeni niciodat\u0103 nu are voie \u00a0s\u0103 ne fac\u0103 s\u0103 ne sim\u021bim r\u0103u!<\/em><\/p>\n<p><em>Noi, sigur, nu vom uita asta!<\/em><\/p>\n<p><em>Dar ei vor fi de partea noastr\u0103?<\/em><\/p>\n<p><a href=\"https:\/\/www.mamipetocuri.ro\/2020\/06\/10\/in-tara-in-care-femeilor-le-place-sa-fie-batute-barbatii-nu-merita-sa-fie-liberi\/?fbclid=IwAR2bq7ocZz27PMxgUuOqpz7pLXWgsTO1uJ6qJgH65QsSPluPyqPdVrnIhLc\" target=\"_blank\" rel=\"noopener\">Articol original<\/a><\/p>\n","protected":false},"excerpt":{"rendered":"<p>Fream\u0103t\u0103 \u021bara c\u0103 s-a introdus educa\u021bia pentru via\u021b\u0103 \u0219i s\u0103n\u0103tate \u00een \u0219coli, \u00een timp ce un tat\u0103 care \u0219i-a violat feti\u021ba de 6 ani este eliberat pe motiv c\u0103 nu reprezint\u0103 un pericol pentru societate iar o fat\u0103 de 18 ani este ucis\u0103 de cel care-o abuzase \u0219i c\u0103ruia \u00eei<\/p>\n","protected":false},"author":1,"featured_media":0,"comment_status":"open","ping_status":"open","sticky":false,"template":"","format":"standard","meta":[],"categories":[4,2],"tags":[],"_links":{"self":[{"href":"https:\/\/cicia.nt.ro\/mameadolescente\/wp-json\/wp\/v2\/posts\/199"}],"collection":[{"href":"https:\/\/cicia.nt.ro\/mameadolescente\/wp-json\/wp\/v2\/posts"}],"about":[{"href":"https:\/\/cicia.nt.ro\/mameadolescente\/wp-json\/wp\/v2\/types\/post"}],"author":[{"embeddable":true,"href":"https:\/\/cicia.nt.ro\/mameadolescente\/wp-json\/wp\/v2\/users\/1"}],"replies":[{"embeddable":true,"href":"https:\/\/cicia.nt.ro\/mameadolescente\/wp-json\/wp\/v2\/comments?post=199"}],"version-history":[{"count":4,"href":"https:\/\/cicia.nt.ro\/mameadolescente\/wp-json\/wp\/v2\/posts\/199\/revisions"}],"predecessor-version":[{"id":203,"href":"https:\/\/cicia.nt.ro\/mameadolescente\/wp-json\/wp\/v2\/posts\/199\/revisions\/203"}],"wp:attachment":[{"href":"https:\/\/cicia.nt.ro\/mameadolescente\/wp-json\/wp\/v2\/media?parent=199"}],"wp:term":[{"taxonomy":"category","embeddable":true,"href":"https:\/\/cicia.nt.ro\/mameadolescente\/wp-json\/wp\/v2\/categories?post=199"},{"taxonomy":"post_tag","embeddable":true,"href":"https:\/\/cicia.nt.ro\/mameadolescente\/wp-json\/wp\/v2\/tags?post=199"}],"curies":[{"name":"wp","href":"https:\/\/api.w.org\/{rel}","templated":true}]}}