{"id":205,"date":"2020-07-09T10:05:40","date_gmt":"2020-07-09T10:05:40","guid":{"rendered":"http:\/\/cicia.nt.ro\/mameadolescente\/?p=205"},"modified":"2020-07-09T10:07:11","modified_gmt":"2020-07-09T10:07:11","slug":"hotnews-ro-un-sfert-dintre-mamele-sub-18-ani-din-uniunea-europeana-traiesc-in-romania-%e2%80%8bsalvati-copiii","status":"publish","type":"post","link":"https:\/\/cicia.nt.ro\/mameadolescente\/2020\/07\/09\/hotnews-ro-un-sfert-dintre-mamele-sub-18-ani-din-uniunea-europeana-traiesc-in-romania-%e2%80%8bsalvati-copiii\/","title":{"rendered":"Hotnews.ro &#8211; Un sfert dintre mamele sub 18 ani din Uniunea Europeana tr\u0103iesc \u00een Rom\u00e2nia &#8211; \u200bSalva\u021bi Copiii"},"content":{"rendered":"<div id=\"articleContent\">\n<div><strong>Aproape un sfert (23%) dintre mamele sub 18 ani din Uniunea European\u0103 tr\u0103iesc \u00een Rom\u00e2nia. \u021aara noastr\u0103 ocup\u0103 primul loc la acest capitol, \u00een randul statelor membre. 8.621 de fete au devenit mame \u00eenainte de v\u00e2rsta majoratului (10-17 ani) \u00een anul 2018, iar 725 dintre ele s-au aflat \u00een aceast\u0103 situa\u021bie \u00eenainte de a \u00eemplini 15 ani, arat\u0103 datele Eurostat. Situa\u021bia este cu at\u00e2t mai critic\u0103, cu c\u00e2t mai pu\u021bin de dou\u0103 procente dintre acestea spun c\u0103 au interac\u021bionat cu serviciile publice de asisten\u021b\u0103 social\u0103, potrivit unei anchete sociologice realizate de Salva\u021bi Copiii Rom\u00e2nia.<\/strong><\/div>\n<div>Rezultatele analizei privind condi\u021biile de via\u021b\u0103, locuire \u0219i stare de s\u0103n\u0103tate a gravidelor, copiilor \u0219i mamelor cu copii sub 5 ani din mediul rural au fost prezentate ast\u0103zi, \u00een cadrul unei dezbateri organizate de Salva\u021bi Copiii Rom\u00e2nia \u0219i Administra\u021bia Preziden\u021bial\u0103.<\/div>\n<div>\n<div id=\"sas_intextContainer_9541796\">\n<div id=\"sas_container_9541796\">\n<div id=\"sas_videoDiv_9541796\">\n<div id=\"sas_relDiv_9541796\">\n<div id=\"sas_relDivPlayer_9541796\" class=\"\">\n<div class=\"sas-container sas-linear\">\n<div class=\"sas-reset\">\n<div class=\"sas-screen sas-floating sas-zoom sas-frame\">\n<div class=\"sas-reset\">\n<div class=\"sas-ctrl-clickthrough sas-ctrl-mask\"><\/div>\n<\/div>\n<\/div>\n<div class=\"sas-btn-skip sas-enable\"><\/div>\n<\/div>\n<\/div>\n<\/div>\n<\/div>\n<\/div>\n<\/div>\n<\/div>\n<\/div>\n<div>\n<p><strong>Principalele concluzii ale analizei realizate de Salva\u021bi Copiii:<\/strong><\/p>\n<ul>\n<li>Sub 2 procente dintre mamele minore spun c\u0103 au interac\u0163ionat cu serviciile publice de asisten\u0163\u0103 social\u0103.<\/li>\n<\/ul>\n<ul>\n<li>83% dintre mamele minore nu mai frecventau \u015fcoala la momentul complet\u0103rii chestionarului.<\/li>\n<\/ul>\n<ul>\n<li>Dintre acestea, 64% abandonaser\u0103 \u015fcoala \u00eenainte de sarcin\u0103.<\/li>\n<\/ul>\n<ul>\n<li>Aproximativ 20% dintre gravidele \u015fi mamele minore afirm\u0103 c\u0103 locuiesc \u00een gospod\u0103ria de provenien\u0163\u0103 a partenerului, \u00eens\u0103 sub 2 procente dintre acestea sunt c\u0103s\u0103torite legal.<\/li>\n<\/ul>\n<ul>\n<li>Aproape 70% dintre responden\u0163i afirm\u0103 c\u0103 locuiesc \u00eentr-o cas\u0103 cu cel mult dou\u0103 camere.<\/li>\n<\/ul>\n<ul>\n<li>La nivelul \u00eentregului e\u0219antion, doar 1\/3 dintre responden\u021bi afirm\u0103 c\u0103 au grup sanitar \u00een locuin\u021b\u0103, procentul fiind semnificativ mai sc\u0103zut \u00een cazul gospod\u0103riilor cu mame minore.<\/li>\n<\/ul>\n<ul>\n<li>V\u00e2rsta tat\u0103lului, la na\u015fterea copilului, \u00een cazul mamelor minore este \u00een medie cu apoximativ 5 ani mai ridicat\u0103, de 20.6 ani, cu valori cuprinse \u00eentre 14 \u015fi 39 de ani. \u00cen valori procentuale, tat\u0103l este el \u00eensu\u015fi minor \u00een doar aproximativ 10% din cazuri.<\/li>\n<\/ul>\n<p><em>&#8222;Fenomenul mamelor minore s-a cronicizat \u00een Rom\u00e2nia de-a lungul anilor, cu consecin\u021be care privesc at\u00e2t siguran\u021ba \u0219i bun\u0103starea celor doi copii \u2013 mama adolescent\u0103 \u0219i nou-n\u0103scutul, c\u00e2t \u0219i societatea \u00een ansamblul ei. Statutul social vulnerabil al acestor mame este mo\u0219tenit de copiii lor \u0219i suntem \u00een fa\u021ba unui cerc vicios pe care nu \u00eel putem dep\u0103\u0219i f\u0103r\u0103 politici publice focusate \u0219i c\u00e2t mai concrete&#8221;,<\/em>\u00a0afirm\u0103 Gabriela Alexandrescu, pre\u0219edintele executiv al Organiza\u021biei Salva\u021bi Copiii Rom\u00e2nia.<\/p>\n<p>Rezultatele discu\u021biilor din cadrul mesei rotunde organizate ast\u0103zi de Salva\u021bi Copiii Rom\u00e2nia \u0219i Administra\u021bia Preziden\u021bial\u0103 ar urma s\u0103 fundamenteze un set de m\u0103suri pentru \u00eembun\u0103t\u0103\u021birea s\u0103n\u0103t\u0103\u021bii gravidelor, mamelor \u0219i copiilor la nivelul zonelor rurale defavorizate, precum \u0219i \u00eembun\u0103t\u0103\u021birea sistemului de s\u0103n\u0103tate destinat \u00eengrijirii nou-n\u0103scu\u021bilor prematuri.<\/p>\n<p><em>&#8222;Prevenirea maternit\u0103\u021bii timpurii \u0219i a consecin\u021belor asociate implic\u0103 at\u00e2t acces la informare, inclusiv prin intermediul disciplinei Educa\u021bie pentru S\u0103n\u0103tate, c\u00e2t \u0219i \u00eembun\u0103t\u0103\u021birea accesului la servicii medicale, cu prec\u0103dere \u00een zonele rurale. Avem nevoie de sinergia tuturor actorilor cu responsabilitate, de politici coerente, sustenabile \u0219i fundamentate pe dovezi pentru reducerea decalajelor \u00eenregistrate de \u021bara noastr\u0103, pentru \u00eembun\u0103t\u0103\u021birea vie\u021bii copilelor condamnate la o maturizare brusc\u0103 \u0219i schimbarea destinului nou-n\u0103scu\u021bilor&#8221;,<\/em>\u00a0a declarat Diana Loreta P\u0103un, consilier preziden\u021bial la Departamentul S\u0103n\u0103tate Public\u0103.<\/p>\n<p>Organiza\u021bia Salva\u0163i Copiii Rom\u00e2nia, sus\u0163inut\u0103 de speciali\u015fti locali (medici de familie, asisten\u021bi sociali, mediatori sanitari) lucreaz\u0103 pentru \u00eembun\u0103t\u0103\u021birea st\u0103rii de s\u0103n\u0103tate a mamelor \u015fi copiilor cu v\u00e2rsta sub 5 ani, din 59 de comunit\u0103\u0163i rurale dezavantajate din \u021bar\u0103.<\/p>\n<p>Astfel, prin dezvoltarea unui model integrat de interven\u021bie comunitar\u0103, 46.595 de gravide, mame tinere \u0219i copii au beneficiat de sus\u021binerea Salva\u021bi Copiii. Anual, organiza\u021bia ofer\u0103 sprijin pentru 7.500 de beneficiari din 42 de comunit\u0103\u021bi defavorizate, dintre care 2.500 copii 0-5 ani, 2.000 mame tinere (133 sub 18 ani), 500 de gravide (90 sub 18 ani) \u0219i 2.500 de adolescen\u021bi \u0219i p\u0103rin\u021bi.<\/p>\n<\/div>\n<div>\n<h2>Una din zece rom\u00e2nce care a devenit mam\u0103 \u00een 2019 este minor\u0103<\/h2>\n<\/div>\n<div>\n<p>Salva\u021bi Copiii reaminte\u0219te c\u0103, potrivit datelor semidefinitive publicate de Institutul Na\u021bional de Statistic\u0103 (INS), pentru anul 2019, aproape 10% (9,44%) din totalul na\u0219terilor a provenit din r\u00e2ndul adolescentelor. \u00cen cifre absolute, este vorba despre 700 de na\u0219teri la minore sub 15 ani \u0219i de 16.831 de na\u0219teri la adolescentele cu v\u00e2rste \u00eentre 15-19 ani.<\/p>\n<p>Prin compara\u021bie, state ca Danemarca, Slovenia \u0219i Luxemburg \u00eenregistreaz\u0103 sub 50 de na\u0219teri anual la mame sub 18 ani. Exist\u0103 \u0219i trei \u021b\u0103ri europene &#8211; Finlanda, Danemarca \u0219i Olanda &#8211; \u00een care nicio fat\u0103 sub 15 ani nu a devenit mam\u0103 \u00een anul 2018.<\/p>\n<p>Dincolo de vulnerabilit\u0103\u021bile sociale, problema mamelor minore are consecin\u021be pe termen lung at\u00e2t asupra mamei, c\u00e2t \u0219i asupra copilului, de la cele medicale \u2013 prematuritatea \u0219i problemele asociate \u2013 p\u00e2n\u0103 la cele psiho-sociale.<\/p>\n<p>\u00cen Rom\u00e2nia, rata mortalit\u0103\u021bii infantile a fost de 6,2 la mia de n\u0103scu\u021bi vii \u00een 2019 (date temporare, INS), aproape dubl\u0103 fa\u021b\u0103 de media Uniunii Europene (3,5 la mie).<\/p>\n<p>Potrivit datelor provizorii INS pentru anul 2019, cele mai mari rate ale mortalit\u0103\u021bii infantile (la mia de copii n\u0103scu\u021bi vii) s-au \u00eenregistrat \u00een jude\u021bele: Tulcea &#8211; 15.6\u2030; Mehedin\u021bi \u2013 11.7\u2030; Constan\u021ba \u2013 9.5\u2030; Vrancea \u2013 9.3\u2030 \u0219i Mure\u0219 \u2013 9\u2030.<\/p>\n<p>O treime dintre decesele copiilor sub un an pot fi prevenite prin dezvoltarea de programe suport pentru mame \u0219i copii \u0219i prin dotarea maternit\u0103\u021bilor \u0219i sec\u021biilor de nou-n\u0103scu\u021bi cu echipamente medicale performante.<\/p>\n<p>\u00cen 9 ani de campanie, Salva\u021bi Copiii a dotat 96 de maternit\u0103\u021bi, \u00een 41 de jude\u021be ale \u021b\u0103rii, cu 630 de echipamente medicale, pentru salvarea a 72.000 de prematuri.<\/p>\n<\/div>\n<p><em><a href=\"https:\/\/www.hotnews.ro\/stiri-esential-24158242-aproape-sfert-dintre-mamele-sub-18-ani-din-uniunea-europeana-traiesc-romania-salvati-copiii.htm\" target=\"_blank\" rel=\"noopener\">Articol original<\/a><\/em><\/p>\n<\/div>\n<p>&nbsp;<\/p>\n<p>&nbsp;<\/p>\n<div class=\"clear\"><\/div>\n","protected":false},"excerpt":{"rendered":"<p>Aproape un sfert (23%) dintre mamele sub 18 ani din Uniunea European\u0103 tr\u0103iesc \u00een Rom\u00e2nia. \u021aara noastr\u0103 ocup\u0103 primul loc la acest capitol, \u00een randul statelor membre. 8.621 de fete au devenit mame \u00eenainte de v\u00e2rsta majoratului (10-17 ani) \u00een anul 2018, iar 725 dintre ele s-au aflat \u00een aceast\u0103<\/p>\n","protected":false},"author":1,"featured_media":0,"comment_status":"open","ping_status":"open","sticky":false,"template":"","format":"standard","meta":[],"categories":[4,2],"tags":[],"_links":{"self":[{"href":"https:\/\/cicia.nt.ro\/mameadolescente\/wp-json\/wp\/v2\/posts\/205"}],"collection":[{"href":"https:\/\/cicia.nt.ro\/mameadolescente\/wp-json\/wp\/v2\/posts"}],"about":[{"href":"https:\/\/cicia.nt.ro\/mameadolescente\/wp-json\/wp\/v2\/types\/post"}],"author":[{"embeddable":true,"href":"https:\/\/cicia.nt.ro\/mameadolescente\/wp-json\/wp\/v2\/users\/1"}],"replies":[{"embeddable":true,"href":"https:\/\/cicia.nt.ro\/mameadolescente\/wp-json\/wp\/v2\/comments?post=205"}],"version-history":[{"count":3,"href":"https:\/\/cicia.nt.ro\/mameadolescente\/wp-json\/wp\/v2\/posts\/205\/revisions"}],"predecessor-version":[{"id":208,"href":"https:\/\/cicia.nt.ro\/mameadolescente\/wp-json\/wp\/v2\/posts\/205\/revisions\/208"}],"wp:attachment":[{"href":"https:\/\/cicia.nt.ro\/mameadolescente\/wp-json\/wp\/v2\/media?parent=205"}],"wp:term":[{"taxonomy":"category","embeddable":true,"href":"https:\/\/cicia.nt.ro\/mameadolescente\/wp-json\/wp\/v2\/categories?post=205"},{"taxonomy":"post_tag","embeddable":true,"href":"https:\/\/cicia.nt.ro\/mameadolescente\/wp-json\/wp\/v2\/tags?post=205"}],"curies":[{"name":"wp","href":"https:\/\/api.w.org\/{rel}","templated":true}]}}