{"id":214,"date":"2020-07-20T12:29:19","date_gmt":"2020-07-20T12:29:19","guid":{"rendered":"http:\/\/cicia.nt.ro\/mameadolescente\/?p=214"},"modified":"2020-07-20T12:34:58","modified_gmt":"2020-07-20T12:34:58","slug":"povestea-adinei-o-poveste-cu-final-fericit","status":"publish","type":"post","link":"https:\/\/cicia.nt.ro\/mameadolescente\/2020\/07\/20\/povestea-adinei-o-poveste-cu-final-fericit\/","title":{"rendered":"Povestea Adinei, o Poveste cu FINAL FERICIT"},"content":{"rendered":"<p><strong>Povestea Adinei &#8211; <\/strong>preluat\u0103 de la\u00a0<strong>Organiza\u021bia Salva\u021bi Copiii, Rom\u00e2nia\u00a0<\/strong><\/p>\n<p style=\"text-align: left;\"><em>\u00cen satul \u00een care locuie\u0219te, exist\u0103 multe adolescente \u00eens\u0103rcinate, iar profesorii sunt obi\u0219nui\u021bi cu situa\u021bia aceasta.<\/em><br \/>\n<em>Adina are 16 ani \u0219i este \u00eens\u0103rcinat\u0103 \u00een 6 luni.<\/em><br \/>\n<em>Locuie\u0219te cu mama ei \u0219i cu sora cea mare, care are \u0219i ea un copil. Tr\u0103iesc singure, tat\u0103l lor p\u0103r\u0103sindu-le de<\/em><br \/>\n<em>mici. Casa \u00een care locuiesc este situat\u0103 la marginea unui sat, f\u0103r\u0103 canalizare sau asfalt \u0219i este compus\u0103 dintr-o<\/em><br \/>\n<em>camer\u0103 \u0219i o buc\u0103t\u0103rie, f\u0103r\u0103 grup sanitar interior<\/em>.<\/p>\n<p><!--more--><\/p>\n<p><em>T\u00e2n\u0103ra gravid\u0103 nu are alt sprijin \u00een afar\u0103 de mama \u0219i de sora ei. Tat\u0103l copilului pe care Adina urmeaz\u0103 s\u0103 \u00eel<\/em><br \/>\n<em>nasc\u0103 are 20 de ani, nu se intereseaz\u0103 de s\u0103n\u0103tatea ei \u0219i nu dore\u0219te s\u0103 se implice \u00een cre\u0219terea viitorului lor<\/em><br \/>\n<em>copil.<\/em><br \/>\n<em>Pentru c\u0103 Adina nu avea cuno\u0219tin\u021be legate de contracep\u021bie, vestea c\u0103 a r\u0103mas \u00eens\u0103rcinat\u0103 a luat-o prin<\/em><br \/>\n<em>surprindere.<\/em><br \/>\n<em>\u201eProfesorii m-au \u00eencurajat s\u0103 continui \u0219coala chiar dac\u0103 sunt \u00eens\u0103rcinat\u0103. Sunt fete la noi care merg la \u0219coal\u0103,<\/em><br \/>\n<em>nasc \u0219i pe urm\u0103 se \u00eentorc din nou la \u0219coal\u0103. Unele abandoneaz\u0103 c\u0103 e prea greu \u0219i nu au cu cine s\u0103 lase copiii.<\/em><br \/>\n<em>Eu o am pe sora mea \u0219i pe mama care stau acas\u0103 \u0219i o s\u0103 pot s\u0103 continui s\u0103 m\u0103 duc la \u0219coal\u0103. A contat mult c\u00e2nd<\/em><br \/>\n<em>am ales s\u0103 p\u0103strez copilul c\u0103 \u0219i cei de la Salva\u021bi Copiii m-au \u00eendrumat s\u0103 nu renun\u021b la \u0219coal\u0103 \u0219i m-au ajutat s\u0103<\/em><br \/>\n<em>\u00eemi depun dosarul s\u0103 pot s\u0103 primesc indemniza\u021bia s\u0103 pot s\u0103 cresc copilul dup\u0103 ce se va na\u0219te.\u201d, poveste\u0219te fata.<\/em><\/p>\n<p><em>Adina a fost consiliat\u0103 \u00een proiectul Siguran\u021b\u0103 prin Educa\u021bie pentru Nutri\u021bie \u0219i S\u0103n\u0103tate \u2013 SENS, pentru a nu<\/em><br \/>\n<em>renun\u021ba la \u0219coal\u0103, exper\u021bii Salva\u021bi Copiii ajut\u00e2nd-o s\u0103 \u00een\u021beleag\u0103 importan\u021ba urm\u0103rii cursurilor pentru a<\/em><br \/>\n<em>beneficia de drepturile ei \u0219i pentru a avea o \u0219ans\u0103 la o via\u021b\u0103 mai bun\u0103.<\/em><\/p>\n<p>Potrivit unei cercet\u0103ri efectuate de<strong> Salva\u021bi Copiii<\/strong> \u00een 2018,<strong><em> Analiza situa\u021biei gravidelor, mamelor \u0219i<\/em><\/strong><br \/>\n<strong><em>copiilor din mediul rural<\/em><\/strong>, cinci din zece mame cu v\u00e2rsta sub 18 ani nu au fost niciodat\u0103 la control<br \/>\nginecologic, ceea ce a dus la o rat\u0103 de patru ori mai mare a na\u0219terilor premature, \u0219apte din zece mame<br \/>\nminore nu au beneficiat niciodat\u0103 de planificare familial\u0103, iar cinci din 10 gravide minore din mediile<br \/>\ndefavorizate nu au efectuat ecografiile recomandate \u00een sarcin\u0103.<\/p>\n","protected":false},"excerpt":{"rendered":"<p>Povestea Adinei &#8211; preluat\u0103 de la\u00a0Organiza\u021bia Salva\u021bi Copiii, Rom\u00e2nia\u00a0 \u00cen satul \u00een care locuie\u0219te, exist\u0103 multe adolescente \u00eens\u0103rcinate, iar profesorii sunt obi\u0219nui\u021bi cu situa\u021bia aceasta. Adina are 16 ani \u0219i este \u00eens\u0103rcinat\u0103 \u00een 6 luni. Locuie\u0219te cu mama ei \u0219i cu sora cea mare, care are \u0219i ea un copil.<\/p>\n","protected":false},"author":1,"featured_media":0,"comment_status":"open","ping_status":"open","sticky":false,"template":"","format":"standard","meta":[],"categories":[4,2],"tags":[25,43],"_links":{"self":[{"href":"https:\/\/cicia.nt.ro\/mameadolescente\/wp-json\/wp\/v2\/posts\/214"}],"collection":[{"href":"https:\/\/cicia.nt.ro\/mameadolescente\/wp-json\/wp\/v2\/posts"}],"about":[{"href":"https:\/\/cicia.nt.ro\/mameadolescente\/wp-json\/wp\/v2\/types\/post"}],"author":[{"embeddable":true,"href":"https:\/\/cicia.nt.ro\/mameadolescente\/wp-json\/wp\/v2\/users\/1"}],"replies":[{"embeddable":true,"href":"https:\/\/cicia.nt.ro\/mameadolescente\/wp-json\/wp\/v2\/comments?post=214"}],"version-history":[{"count":10,"href":"https:\/\/cicia.nt.ro\/mameadolescente\/wp-json\/wp\/v2\/posts\/214\/revisions"}],"predecessor-version":[{"id":224,"href":"https:\/\/cicia.nt.ro\/mameadolescente\/wp-json\/wp\/v2\/posts\/214\/revisions\/224"}],"wp:attachment":[{"href":"https:\/\/cicia.nt.ro\/mameadolescente\/wp-json\/wp\/v2\/media?parent=214"}],"wp:term":[{"taxonomy":"category","embeddable":true,"href":"https:\/\/cicia.nt.ro\/mameadolescente\/wp-json\/wp\/v2\/categories?post=214"},{"taxonomy":"post_tag","embeddable":true,"href":"https:\/\/cicia.nt.ro\/mameadolescente\/wp-json\/wp\/v2\/tags?post=214"}],"curies":[{"name":"wp","href":"https:\/\/api.w.org\/{rel}","templated":true}]}}