{"id":226,"date":"2020-08-18T12:35:58","date_gmt":"2020-08-18T12:35:58","guid":{"rendered":"http:\/\/cicia.nt.ro\/mameadolescente\/?p=226"},"modified":"2020-08-18T13:04:47","modified_gmt":"2020-08-18T13:04:47","slug":"povestea-emotionanta-a-andreei","status":"publish","type":"post","link":"https:\/\/cicia.nt.ro\/mameadolescente\/2020\/08\/18\/povestea-emotionanta-a-andreei\/","title":{"rendered":"G\u00e2ndul LIVE. Povestea emo\u021bionant\u0103 a Andreei, adolescenta care a n\u0103scut la 16 ani, iar copilul este bolnav: \u201eM\u0103 bucur de fiecare moment \u0219i tr\u0103iesc cu el fiecare clip\u0103 ca \u0219i cum ar fi ultima\u201d \/ Cum o ajut\u0103 statul?!"},"content":{"rendered":"<p>Ast\u0103zi v\u0103 prezint povestea Andreei, poveste relatat\u0103 pe larg \u00eentr-un editorial realizat de G\u00e2ndul Live si ce poate fi accesat pe urm\u0103torul link:<\/p>\n<p><a href=\"https:\/\/www.gandul.ro\/gandul-live\/gandul-live-povestea-emotionanta-a-andreei-adolescenta-care-a-nascut-la-16-ani-iar-copilul-este-bolnav-ma-bucur-de-fiecare-moment-si-traiesc-cu-el-fiecare-clipa-ca-si-cum-ar-fi-ultima-19461737\">https:\/\/www.gandul.ro\/gandul-live\/gandul-live-povestea-emotionanta-a-andreei-adolescenta-care-a-nascut-la-16-ani-iar-copilul-este-bolnav-ma-bucur-de-fiecare-moment-si-traiesc-cu-el-fiecare-clipa-ca-si-cum-ar-fi-ultima-19461737<\/a><\/p>\n<p><strong>Andreea este o t\u00e2n\u0103r\u0103 care la v\u00e2rsta de 16 a n\u0103scut un b\u0103ie\u021bel, copil care din p\u0103cate sufer\u0103 de o boal\u0103 grav\u0103 de pl\u0103m\u00e2ni. Povestea emo\u021bionant\u0103 a Andreei a fost prezentat\u0103 la\u00a0G\u00e2ndul LIVE, unde adolescenta a povestit cum a mers la \u0219coal\u0103 \u00eens\u0103rcinat\u0103.<\/strong><\/p>\n<p>Andreea a devenit acum doi ani mam\u0103 minor\u0103, la 16 ani, iar acum \u00ee\u0219i \u00eengrije\u0219te copilul care are o boala ce \u00eei afecteaz\u0103 pl\u0103m\u00e2nii. Andreea spune c\u0103 se confrunt\u0103 \u00a0\u0219i cu discriminarea social\u0103.<\/p>\n<p><!--more--><\/p>\n<h2><strong>Mama minor\u0103: \u201eMi s-au declan\u0219at instinctele de mam\u0103 din prima clipa de c\u00e2nd l-am luat in bra\u021be\u201d<\/strong><\/h2>\n<p>\u201eAm r\u0103mas \u00eens\u0103rcinat\u0103 la 16 ani, mi-am dat seama mai t\u00e2rziu, \u00eemi venise menstrua\u021bia peste sarcin\u0103. Am ales cu mama s\u0103 p\u0103strez sarcina. \u00cen plan a fost s\u0103-l nasc \u0219i s\u0103 termin liceul (\u2026) Mi s-au declan\u0219at instinctele de mam\u0103 din prima clipa de c\u00e2nd l-am luat in bra\u021be\u201d,<a href=\"https:\/\/www.gandul.ro\/gandul-live\">\u00a0a povestit Andreea la G\u00e2ndul LIVE<\/a>.\u00a0T\u00e2n\u0103ra sufer\u0103 foarte mult din cazua faptului c\u0103 David, b\u0103ie\u021belul ei de doi ani, este bolnav.<\/p>\n<div class=\"strawberry-ads\" data-name=\"articol-intext-1\">\n<div id=\"div-gpt-ad-1578671393511-0\" data-google-query-id=\"CNrR0-jdpOsCFYNQ5QodHHUCvA\">\n<h2><strong>Mama minor\u0103: \u201eDoctorul mi-a spus c\u0103 fiul meu poate deceda \u00een orice moment\u201d<\/strong><\/h2>\n<p>\u201eM\u0103 bucur de fiecare moment \u0219i tr\u0103iesc cu el fiecare clip\u0103 ca \u0219i cum ar fi ultima. Doctorul mi-a spus c\u0103 fiul meu poate deceda \u00een orice moment (\u2026) Are nevoie de medica\u021bie \u00een fiecare zi ca s\u0103 fie ok\u201d,\u00a0<a href=\"https:\/\/www.gandul.ro\/gandul-live\">a mai m\u0103rturisit Andreea la G\u00e2ndul LIVE<\/a>\u00a0\u0219i a mai spus c\u0103 a mers \u00eens\u0103rcinat\u0103 la \u0219coal\u0103, \u00een clasa a 9-a.<\/p>\n<h2><strong>Cum ajut\u0103 statul mamele minore?<\/strong><\/h2>\n<p>\u201e\u00cen momentul de fa\u021b\u0103 statul ne ofer\u0103 doar aceste centre maternale, \u00een sectoare, care \u021bin de DGASMB. Aici au tot spirjinul \u0219i tot suportul speciali\u0219titlor, de la consiliere psihologic\u0103, la programe de dezvoltarea \u0219i \u00eengrijirea copilului, precum \u0219i alte programe de asisten\u021b\u0103 social\u0103. Cam asta \u00eenseamn\u0103 protec\u021bia social\u0103 a copilului.<\/p>\n<p>PMB, \u00a0prin asisten\u021ba social\u0103, la nivelul Capitalei, oferim un stimulent la na\u0219tere pentru mamele minore, de 2.500 de lei, iar dac\u0103 copilul are un handicap se ofer\u0103 1.000 de lei pe lun\u0103 \u201d ,\u00a0<a href=\"https:\/\/www.gandul.ro\/gandul-live\">a declarat la G\u00e2ndul LIVE Iuliana Cristea<\/a>, director asisten\u021b\u0103 social\u0103 \u00een cadrul DGASMB.<\/p>\n<\/div>\n<\/div>\n","protected":false},"excerpt":{"rendered":"<p>Ast\u0103zi v\u0103 prezint povestea Andreei, poveste relatat\u0103 pe larg \u00eentr-un editorial realizat de G\u00e2ndul Live si ce poate fi accesat pe urm\u0103torul link: https:\/\/www.gandul.ro\/gandul-live\/gandul-live-povestea-emotionanta-a-andreei-adolescenta-care-a-nascut-la-16-ani-iar-copilul-este-bolnav-ma-bucur-de-fiecare-moment-si-traiesc-cu-el-fiecare-clipa-ca-si-cum-ar-fi-ultima-19461737 Andreea este o t\u00e2n\u0103r\u0103 care la v\u00e2rsta de 16 a n\u0103scut un b\u0103ie\u021bel, copil care din p\u0103cate sufer\u0103 de o boal\u0103 grav\u0103 de pl\u0103m\u00e2ni. Povestea emo\u021bionant\u0103<\/p>\n","protected":false},"author":1,"featured_media":0,"comment_status":"open","ping_status":"open","sticky":false,"template":"","format":"standard","meta":[],"categories":[4,2],"tags":[],"_links":{"self":[{"href":"https:\/\/cicia.nt.ro\/mameadolescente\/wp-json\/wp\/v2\/posts\/226"}],"collection":[{"href":"https:\/\/cicia.nt.ro\/mameadolescente\/wp-json\/wp\/v2\/posts"}],"about":[{"href":"https:\/\/cicia.nt.ro\/mameadolescente\/wp-json\/wp\/v2\/types\/post"}],"author":[{"embeddable":true,"href":"https:\/\/cicia.nt.ro\/mameadolescente\/wp-json\/wp\/v2\/users\/1"}],"replies":[{"embeddable":true,"href":"https:\/\/cicia.nt.ro\/mameadolescente\/wp-json\/wp\/v2\/comments?post=226"}],"version-history":[{"count":2,"href":"https:\/\/cicia.nt.ro\/mameadolescente\/wp-json\/wp\/v2\/posts\/226\/revisions"}],"predecessor-version":[{"id":228,"href":"https:\/\/cicia.nt.ro\/mameadolescente\/wp-json\/wp\/v2\/posts\/226\/revisions\/228"}],"wp:attachment":[{"href":"https:\/\/cicia.nt.ro\/mameadolescente\/wp-json\/wp\/v2\/media?parent=226"}],"wp:term":[{"taxonomy":"category","embeddable":true,"href":"https:\/\/cicia.nt.ro\/mameadolescente\/wp-json\/wp\/v2\/categories?post=226"},{"taxonomy":"post_tag","embeddable":true,"href":"https:\/\/cicia.nt.ro\/mameadolescente\/wp-json\/wp\/v2\/tags?post=226"}],"curies":[{"name":"wp","href":"https:\/\/api.w.org\/{rel}","templated":true}]}}