{"id":250,"date":"2021-03-10T06:05:00","date_gmt":"2021-03-10T06:05:00","guid":{"rendered":"http:\/\/cicia.nt.ro\/mameadolescente\/?p=250"},"modified":"2021-03-11T06:30:23","modified_gmt":"2021-03-11T06:30:23","slug":"poveste-reala-gravida-la-16-ani-preluat-de-pe-totuldespremame-ro","status":"publish","type":"post","link":"https:\/\/cicia.nt.ro\/mameadolescente\/2021\/03\/10\/poveste-reala-gravida-la-16-ani-preluat-de-pe-totuldespremame-ro\/","title":{"rendered":"Poveste Real\u0103 &#8211; Gravid\u0103 la 16 ani. (preluat de pe totuldespremame.ro)"},"content":{"rendered":"\n<p>Dup\u0103 cum v-am obi\u0219nuit, din c\u00e2nd \u00een c\u00e2nd v\u0103 prezent\u0103m \u0219i c\u00e2te o poveste real\u0103, povestea unei tinere mame, ce a devenit p\u0103rinte c\u00e2nd \u00eenc\u0103 mai era adolescent\u0103.<\/p>\n\n\n\n<p>De data asta am reg\u0103sit pe site-ul celor de la <a href=\"http:\/\/(https:\/\/totuldespremame.ro\/sarcina\/povesti-de-nastere\/gravida-la-16-ani-toti-ma-priveau-cu-dispret-in-romania-si-imi-spuneau-ca-mi-am-distrus-viata?fbclid=IwAR1-fwRPOAstbpxaH0TUIApCpcB_CawuiTirJItwZvyQ2ozS3NXzSHvC_rw)\" data-type=\"URL\" data-id=\"(https:\/\/totuldespremame.ro\/sarcina\/povesti-de-nastere\/gravida-la-16-ani-toti-ma-priveau-cu-dispret-in-romania-si-imi-spuneau-ca-mi-am-distrus-viata?fbclid=IwAR1-fwRPOAstbpxaH0TUIApCpcB_CawuiTirJItwZvyQ2ozS3NXzSHvC_rw)\" target=\"_blank\" rel=\"noreferrer noopener\">Totul despre Mame<\/a>  un articol prin care ne este adus\u0103 spre cuno\u0219tin\u021b\u0103 drama prin care a trecut t\u00een\u0103ra mam\u0103.<\/p>\n\n\n\n<p>Fetele adolescente care r\u0103m\u00e2n \u00eens\u0103rcinate \u0219i dau na\u0219tere copiilor se confrunt\u0103 cu numeroase dificult\u0103\u021bi legate at\u00e2t de apartenen\u021ba la un grup social, c\u00e2t \u0219i anumite re\u021bineri personale. Se \u00eent\u00e2mpl\u0103 ca maternitatea s\u0103 scoat\u0103 \u00een eviden\u021b\u0103 poten\u021bialul \u0219i resursele lor ceea ce le surprinde nu numai pe tinerele mame, ci \u0219i pe oamenii din jurul lor. Dar de ce, \u00een unele cazuri, aceste schimb\u0103ri sunt negative, distrug mamele \u00een sine \u0219i sunt ca o sentin\u021b\u0103 pentru copiii lor? \u0218i cum se face c\u0103 maternitatea elibereaz\u0103 o for\u021b\u0103 extraordinar\u0103, bucurie \u0219i dorin\u021b\u0103 de via\u021b\u0103?<\/p>\n\n\n\n<p>&#8222;<em>T\u00e2n\u0103ra de doar 22 de ani a decis s\u0103 ne povesteasc\u0103 cum a r\u0103mas gravid\u0103 la 16 ani \u0219i cum s-a hot\u0103r\u00e2t s\u0103 p\u0103streze sarcina.<\/em><\/p>\n\n\n\n<p>(&#8230;) <em>La 15 ani eram informat\u0103 corect despre tot ce \u021bine de educa\u021bie sexual\u0103. Am avut probleme mari cu menstrua\u021bia de c\u00e2nd mi-a venit prima oar\u0103 la 12 ani. La 16 ani \u00een urm\u0103 unei ecografii de rutin\u0103 am aflat c\u0103 am ovarele micropolichistice. Dar, din cauza a c\u00e2torva chisturi mai mari, medicul a decis s\u0103 \u00eemi dea anticoncep\u021bionale pe o perioad\u0103 de c\u00e2teva luni s\u0103 vad\u0103 dac\u0103 situa\u021bia se schimb\u0103. \u00centre timp m-am \u00eendr\u0103gostit de un b\u0103iat minunat cu care am inceput \u0219i via\u021ba intim\u0103. La 16 ani \u0219i jum\u0103tate am aflat cu stupoare c\u0103 \u00een burtica mea cre\u0219tea un bob de maz\u0103re. Pentru mine a fost un \u0219oc mare, mai ales c\u0103 \u00eenc\u0103 luam anticoncep\u021bionale. Am f\u0103cut testul de sarcin\u0103 la 5 zile de la \u00eent\u00e2rziere. Uitasem s\u0103 iau o pastil\u0103 \u0219i a fost suficient ca bobul de maz\u0103re s\u0103 se dezvolte \u00een burtica mea.<\/em><\/p>\n\n\n\n<p><em>Am \u00eentrerupt anticoncep\u021bionale \u00een acea\u0219i zi. Apoi, am sunat medicul imediat s\u0103 \u00eel \u00eentreb cum trebuie s\u0103 procedez. Mi-a explicat toate riscurile \u0219i mi-a recomandat s\u0103 fac \u00eentrerupere de sarcin\u0103. L-am sunat pe iubitul meu \u0219i mi-a spus c\u0103 \u00eemi va fi alaturi indiferent de decizia pe care o voi lua. Am ales s\u0103 p\u0103strez sarcina. Dac\u0103 Dumnezeu a vrut s\u0103 trimit\u0103 acel copil la mine, nu eram eu \u00een m\u0103sura s\u0103 \u00eei iau via\u021ba.<\/em><\/p>\n\n\n\n<p><em>La 6 s\u0103pt\u0103m\u00e2ni am f\u0103cut primul control \u0219i au urmat alte zeci de controale din dou\u0103 \u00een dou\u0103 s\u0103pt\u0103m\u00e2ni. Am f\u0103cut toate analizele inclusiv pe cele genetice s\u0103 fiu sigur\u0103 c\u0103 bobul meu de maz\u0103re se dezvolta corect. Pentru familia mea a fost un \u0219oc mai ales c\u0103 mama discuta deschis cu mine. Nu au acceptat decizia mea a\u0219a c\u0103 \u00eempreun\u0103 cu iubitul meu ne-am mutat separat.<\/em><\/p>\n\n\n\n<p><em>La 4 luni de sarcin\u0103 am decis s\u0103 venim \u00een Rom\u00e2nia. Mare gre\u0219eal\u0103 am f\u0103cut. Oriunde m\u0103 duceam m\u0103 priveau cu dispre\u021b \u0219i am \u00eent\u00e2mpinat zeci de cadre medicale care \u00eemi spuneau c\u0103 nu am avut ce face, c\u0103 mi-am distrus via\u021ba \u0219i nu voi realiza nimic \u00een via\u021b\u0103.<\/em><\/p>\n\n\n\n<p><em>La 34 de s\u0103pt\u0103m\u00e2ni puiul meu a decis s\u0103 vin\u0103 pe lume. Au \u00eenceput contrac\u021biile cu dureri foarte mari \u00een zona stomacului. M-am dus la spital \u0219i mi-au spus c\u0103 am gastrit\u0103 \u0219i s\u0103 m\u0103 duc acas\u0103. Din cauza unei doctori\u021be plictisit\u0103 de via\u021b\u0103 puiul meu s-a n\u0103scut prematur. Nu a acceptat s\u0103 m\u0103 interneze, a\u0219a c\u0103 m-am \u00eentors acas\u0103. Au urmat 4 zile de travaliu groaznice. Nu realizam c\u0103 sunt dureri de na\u0219tere din cauza faptului c\u0103 sarcina nu era la termen.<\/em><\/p>\n\n\n\n<p><em>Am luat ce \u00eemi recomandase doamna doctor: NoSpa din 6 \u00een 6 ore. P\u00e2n\u0103 la urm\u0103 m-am dus la alt spital. Aici medicii s-au \u00eengrozit c\u00e2nd mi-au v\u0103zut starea. Puiul meu era \u00een stres fetal, iar eu sleit\u0103 de puteri. Mi-au f\u0103cut cezarian\u0103 de urgen\u021b\u0103 \u0219i a venit pe lume prin\u021besa mea micu\u021ba. A fost dus\u0103 direct la terapie intensiv\u0103 \u0219i nu am putut s\u0103 o v\u0103d trei zile. Era micu\u021ba, cu doar 2.300 g, dar o lupt\u0103toare des\u0103v\u00e2r\u0219it\u0103<\/em>.<\/p>\n\n\n\n<p><em>Dup\u0103 dou\u0103 s\u0103pt\u0103m\u00e2ni am plecat cu ea acas\u0103 \u0219i cu speran\u021ba c\u0103 va fi bine. Mi-au spus c\u0103 na\u0219terea a avut loc a\u0219a din cauza incompeten\u021bei acelei doctori\u021be care dac\u0103 m-ar fi internat ar fi putut opri contrac\u021biile. Nu a mai contat pentru mine. M\u0103 bucuram c\u0103 feti\u021ba mea este bine \u0219i eu nu am p\u0103\u021bit nimic. Acum are 5 ani \u0219i 2 luni, este o minune de copil \u0219i \u00eentre timp ne-am extins familia \u0219i cu un fr\u0103\u021bior pentru ea. Iubitul de atunci mi-a devenit so\u021b \u0219i este cel mai minunat t\u0103tic din lume. Form\u0103m o familie minunat\u0103 , avem casa noastr\u0103 \u0219i \u00een ea plute\u0219te iubirea \u0219i \u00een\u021belegerea. Nu a fost u\u0219or, dar m\u0103 bucur de alegerea f\u0103cut\u0103<\/em>.&#8221;<\/p>\n\n\n\n<p>Toate aceste \u00eentreb\u0103ri le vom analiza \u00eentr-un articol viitor \u00een care v\u0103 vom prezenta concluziile la care echipa de proiect The BOND a ajuns \u00een urma realiz\u0103rii Manualului dedicat Lucr\u0103torilor de Tineret, altor speciali\u0219ti ce se \u00eent\u00e2lnesc \u00een activitatea lor profesional\u0103 cu mame adolescente. <\/p>\n\n\n\n<p>Articolul original \u00eel g\u0103si\u021bi <a href=\"http:\/\/(https:\/\/totuldespremame.ro\/sarcina\/povesti-de-nastere\/gravida-la-16-ani-toti-ma-priveau-cu-dispret-in-romania-si-imi-spuneau-ca-mi-am-distrus-viata?fbclid=IwAR1-fwRPOAstbpxaH0TUIApCpcB_CawuiTirJItwZvyQ2ozS3NXzSHvC_rw)\" data-type=\"URL\" data-id=\"(https:\/\/totuldespremame.ro\/sarcina\/povesti-de-nastere\/gravida-la-16-ani-toti-ma-priveau-cu-dispret-in-romania-si-imi-spuneau-ca-mi-am-distrus-viata?fbclid=IwAR1-fwRPOAstbpxaH0TUIApCpcB_CawuiTirJItwZvyQ2ozS3NXzSHvC_rw)\" target=\"_blank\" rel=\"noreferrer noopener\">AICI<\/a>. <\/p>\n","protected":false},"excerpt":{"rendered":"<p>Dup\u0103 cum v-am obi\u0219nuit, din c\u00e2nd \u00een c\u00e2nd v\u0103 prezent\u0103m \u0219i c\u00e2te o poveste real\u0103, povestea unei tinere mame, ce a devenit p\u0103rinte c\u00e2nd \u00eenc\u0103 mai era adolescent\u0103. De data asta am reg\u0103sit pe site-ul celor de la Totul despre Mame un articol prin care ne este adus\u0103 spre cuno\u0219tin\u021b\u0103<\/p>\n","protected":false},"author":1,"featured_media":0,"comment_status":"open","ping_status":"open","sticky":false,"template":"","format":"standard","meta":[],"categories":[2],"tags":[],"_links":{"self":[{"href":"https:\/\/cicia.nt.ro\/mameadolescente\/wp-json\/wp\/v2\/posts\/250"}],"collection":[{"href":"https:\/\/cicia.nt.ro\/mameadolescente\/wp-json\/wp\/v2\/posts"}],"about":[{"href":"https:\/\/cicia.nt.ro\/mameadolescente\/wp-json\/wp\/v2\/types\/post"}],"author":[{"embeddable":true,"href":"https:\/\/cicia.nt.ro\/mameadolescente\/wp-json\/wp\/v2\/users\/1"}],"replies":[{"embeddable":true,"href":"https:\/\/cicia.nt.ro\/mameadolescente\/wp-json\/wp\/v2\/comments?post=250"}],"version-history":[{"count":1,"href":"https:\/\/cicia.nt.ro\/mameadolescente\/wp-json\/wp\/v2\/posts\/250\/revisions"}],"predecessor-version":[{"id":251,"href":"https:\/\/cicia.nt.ro\/mameadolescente\/wp-json\/wp\/v2\/posts\/250\/revisions\/251"}],"wp:attachment":[{"href":"https:\/\/cicia.nt.ro\/mameadolescente\/wp-json\/wp\/v2\/media?parent=250"}],"wp:term":[{"taxonomy":"category","embeddable":true,"href":"https:\/\/cicia.nt.ro\/mameadolescente\/wp-json\/wp\/v2\/categories?post=250"},{"taxonomy":"post_tag","embeddable":true,"href":"https:\/\/cicia.nt.ro\/mameadolescente\/wp-json\/wp\/v2\/tags?post=250"}],"curies":[{"name":"wp","href":"https:\/\/api.w.org\/{rel}","templated":true}]}}