{"id":254,"date":"2021-04-15T10:36:00","date_gmt":"2021-04-15T10:36:00","guid":{"rendered":"http:\/\/cicia.nt.ro\/mameadolescente\/?p=254"},"modified":"2021-05-05T11:01:25","modified_gmt":"2021-05-05T11:01:25","slug":"poveste-reala-copilul-din-mine-va-creste-o-data-cu-copilul-meu","status":"publish","type":"post","link":"https:\/\/cicia.nt.ro\/mameadolescente\/2021\/04\/15\/poveste-reala-copilul-din-mine-va-creste-o-data-cu-copilul-meu\/","title":{"rendered":"Poveste real\u0103 \u2013 Copilul din mine va cre\u0219te o dat\u0103 cu copilul meu"},"content":{"rendered":"\n<figure class=\"wp-block-image size-large is-resized is-style-rounded\"><img loading=\"lazy\" src=\"http:\/\/cicia.nt.ro\/mameadolescente\/wp-content\/uploads\/2021\/05\/poza-articol-aprilie21.jpg\" alt=\"\" class=\"wp-image-256\" width=\"298\" height=\"198\" srcset=\"https:\/\/cicia.nt.ro\/mameadolescente\/wp-content\/uploads\/2021\/05\/poza-articol-aprilie21.jpg 626w, https:\/\/cicia.nt.ro\/mameadolescente\/wp-content\/uploads\/2021\/05\/poza-articol-aprilie21-442x294.jpg 442w\" sizes=\"(max-width: 298px) 100vw, 298px\" \/><\/figure>\n\n\n\n<p class=\"has-text-align-left\"><em>\u00cen cele ce urmeaz\u0103 v\u0103 vom prezenta o poveste real\u0103, o poveste de via\u021b\u0103 care aduce \u00een prim plan o t\u00e2n\u0103r\u0103 mam\u0103 care-\u0219i cre\u0219te singur\u0103 copilul \u00een ciuda tuturor obstacolelor pe care le-a \u00eent\u00e2mpinat \u00een via\u021ba ei. Deoarece p\u0103strarea identit\u0103\u021bii ei personale este foarte important\u0103 pentru noi, numele persoanelor \u0219i povestea real\u0103 vor fi u\u0219or modificate.<\/em><\/p>\n\n\n\n<p class=\"has-text-align-left\">Danny este o elev\u0103 de liceu \u00een cadrul unei \u0219coli din Piatra Neam\u021b, in ultimul an de studiu. Tot aici l-a cunoscut \u0219i pe Vasy, viitorul tat\u0103 al copilului ei.<\/p>\n\n\n\n<p class=\"has-text-align-left\">Danny este o fire mai retras\u0103, nu foarte comunicativ\u0103, av\u00e2nd o deficien\u021b\u0103 fizic\u0103 vizibil\u0103 care o face s\u0103 fie respins\u0103 de societate. \u00cen ciuda acestei deficien\u021be, Danny este de o frumuse\u021be r\u0103pitoare, lucru care l-a observat \u0219i\u00a0 Vasy \u0219i care l-a determinat s\u0103 treac\u0103 peste acea deficien\u021b\u0103 \u0219i s\u0103 o cucereasc\u0103. Astfel Danny a devenit iubita lui Vasy. Diferen\u021ba mic\u0103 de v\u00e2rst\u0103 dintre ei, Danny fiind mai mare dec\u00e2t Vasy cu aproape 1 an, nu a reprezentat nici o problem\u0103 pentru ei. A fost iubire puternic\u0103, adolescentin\u0103 \u00eentre ei, acea iubire care-\u021bi d\u0103 fluturi \u00een stomac \u0219i care-\u021bi r\u0103m\u00e2ne \u00een suflet toat\u0103 via\u021ba.<\/p>\n\n\n\n<p class=\"has-text-align-left\">Dup\u0103 3 luni de \u00eent\u00e2lniri frecvente, Danny se las\u0103 convins\u0103 de Vasy s\u0103-\u0219i \u00eenceap\u0103 \u0219i rela\u021bia fizic\u0103, el fiind cel care se preocup\u0103 \u0219i de protec\u021bia necesar\u0103 evit\u0103rii unei sarcini inoportune. Se pare c\u0103 nu au reu\u0219it s\u0103 se protejeze \u00een mod corect, pentru c\u0103 \u00een c\u00e2teva s\u0103pt\u0103m\u00e2ni Danny face un test de sarcin\u0103 \u0219i descoper\u0103 c\u0103 este \u00eens\u0103rcinat\u0103. Vasy este acolo l\u00e2ng\u0103 ea \u0219i o \u00eencurajeaz\u0103 s\u0103 p\u0103streze sarcina. El va fi al\u0103turi de ea, no matter what!<\/p>\n\n\n\n<p class=\"has-text-align-left\">Danny tr\u0103ie\u0219te cea mai fericit\u0103 perioad\u0103 a vie\u021bii ei. P\u0103rin\u021bii lor \u00eei vor sus\u021bine, au unde s\u0103 locuiasc\u0103 fiindu-le oferit\u0103 o camer\u0103 a lor \u00een casa p\u0103rin\u021bilor lui Vasy.<\/p>\n\n\n\n<p class=\"has-text-align-left\">Danny a vorbit \u0219i cu doamnele de la \u0219coal\u0103, le-a dat vestea m\u0103rea\u021b\u0103 iar acestea au \u00eencurajat-o s\u0103 nu abandoneze cursurile.<\/p>\n\n\n\n<p class=\"has-text-align-left\">Danny are planul f\u0103cut. Termin\u0103 anul \u0219colar, na\u0219te \u0219i apoi vede ea de un loc de munc\u0103.<\/p>\n\n\n\n<p class=\"has-text-align-left\">Momentul na\u0219terii lui Alex a venit, toat\u0103 lumea le este al\u0103turi, Vasy d\u0103 de b\u0103ut \u00een cinstea proasp\u0103tului s\u0103u baiat tuturor colegilor \u0219i este foarte m\u00e2ndru c\u0103 este tat\u0103. Vasy \u00eemplinise 18 ani, prin urmare putea s\u0103 fie tat\u0103l copilului s\u0103u \u00een deplin\u0103tate. Asta o ajut\u0103 \u0219i pe Danny s\u0103 se pun\u0103 repede pe picioare. Este o na\u0219tere prin cezariana, cu toate ca \u0219i-ar fi dorit una pe cale natural\u0103&#8230;.dar a fost un travaliu dificil, cu probleme pentru Danny&#8230;dar ea este t\u00een\u0103r\u0103&#8230;a trecut repede peste experien\u021ba traumatizant\u0103 prin care a trecut.<\/p>\n\n\n\n<p class=\"has-text-align-left\">Imediat dup\u0103 na\u0219tere, trage o fug\u0103 p\u00e2n\u0103 la \u0219coal\u0103 \u0219i acolo d\u0103 peste doamnele de la organiza\u021bia Centrul de Incubare Creativ Inovativ de Afaceri (CICIA) care implementau un proiect dedicat mamelor adolescente. Din discu\u021bia cu ele, a aflat despre indemniza\u021bia de cre\u0219tere a copilului la care poate s\u0103 aplice ca urmare a frecvent\u0103rii \u0219colii pe toat\u0103 perioada de sarcin\u0103. O mare salvare financiar\u0103. Vasy s-a angajat cu ziua pe unde a g\u0103sit, dar nu le ofer\u0103 nici o stabilitate financiar\u0103. Dar banii pe care-i primesc de la stat pe aloca\u021bia copilului \u0219i indemniza\u021bia de cre\u0219tere a copilului, e ca o gur\u0103 de aer&#8230;\u00eei d\u0103 timp s\u0103 se hot\u0103rasc\u0103 cu privire la finalizarea \u0219colii.<\/p>\n\n\n\n<p class=\"has-text-align-left\">Primele dou\u0103 luni cu Alex acas\u0103 sunt minunate. Vasy schimb\u0103 joburile foarte des, dar Danny are \u00eencredere \u00een el. Doar i-a promis c\u0103 va fi al\u0103turi de ea. De ceva timp el a \u00eenceput s\u0103 lipseasc\u0103 de acas\u0103. \u00cei zice lui Danny c\u0103 el trebuie s\u0103 simt\u0103 c\u0103 tr\u0103ie\u0219te. Tot iese cu b\u0103ie\u021bii, vine seara t\u00e2rziu acas\u0103. Danny este mai mult singur\u0103. C\u00e2nd Alex \u00eempline\u0219te 3 luni de la na\u0219tere, Danny se decide s\u0103 plece de l\u00e2ng\u0103 Vasy. Se duce acas\u0103 la p\u0103rin\u021bii ei.<\/p>\n\n\n\n<p class=\"has-text-align-left\">P\u0103rin\u021bii lui Danny se a\u0219teptau av\u00e2nd \u00een vedere c\u0103 Vasy \u00eenc\u0103 nu era o persoan\u0103 maturizat\u0103, asumat\u0103. Danny nu se las\u0103. Se hot\u0103r\u0103\u0219te s\u0103 se \u00eentoarc\u0103 la \u0219coal\u0103, s\u0103-\u0219i finalizeze liceul. P\u0103rin\u021bii ei sunt de partea ei, o vor ajuta cu supravegherea lui Alex c\u00e2t va fi ea plecat\u0103 la ore. Totul e stabilit.<\/p>\n\n\n\n<p class=\"has-text-align-left\">Nu are nevoie de Vasy \u00een via\u021ba ei. Se desparte difinitiv de el, iar el refuz\u0103 s\u0103 mai aibe vreo leg\u0103tura cu ea sau cu b\u0103iatul lor.<\/p>\n\n\n\n<p class=\"has-text-align-left\">Dar Danny este puternic\u0103. Termin\u0103 anul \u0219colar, dar nu are timp s\u0103 \u00eenve\u021be pentru BAC. Mama ei \u00eei poveste\u0219te de \u0219coala sanitar\u0103 din ora\u0219 unde se poate \u00eenscrie f\u0103r\u0103 s\u0103 aibe BAC-ul luat \u00eenc\u0103. Are la dispozi\u021bie urm\u0103torii 3 ani. Numai bine&#8230;mai cre\u0219te \u0219i Alex, poate \u00eel duce la cre\u0219\u0103 sau la gradini\u021b\u0103. Oricum au camera lor, au ajutorul p\u0103rin\u021bilor ei, totul este planificat.<\/p>\n\n\n\n<p><\/p>\n","protected":false},"excerpt":{"rendered":"<p>\u00cen cele ce urmeaz\u0103 v\u0103 vom prezenta o poveste real\u0103, o poveste de via\u021b\u0103 care aduce \u00een prim plan o t\u00e2n\u0103r\u0103 mam\u0103 care-\u0219i cre\u0219te singur\u0103 copilul \u00een ciuda tuturor obstacolelor pe care le-a \u00eent\u00e2mpinat \u00een via\u021ba ei. Deoarece p\u0103strarea identit\u0103\u021bii ei personale este foarte important\u0103 pentru noi, numele persoanelor \u0219i<\/p>\n","protected":false},"author":1,"featured_media":0,"comment_status":"open","ping_status":"open","sticky":false,"template":"","format":"standard","meta":[],"categories":[2],"tags":[80],"_links":{"self":[{"href":"https:\/\/cicia.nt.ro\/mameadolescente\/wp-json\/wp\/v2\/posts\/254"}],"collection":[{"href":"https:\/\/cicia.nt.ro\/mameadolescente\/wp-json\/wp\/v2\/posts"}],"about":[{"href":"https:\/\/cicia.nt.ro\/mameadolescente\/wp-json\/wp\/v2\/types\/post"}],"author":[{"embeddable":true,"href":"https:\/\/cicia.nt.ro\/mameadolescente\/wp-json\/wp\/v2\/users\/1"}],"replies":[{"embeddable":true,"href":"https:\/\/cicia.nt.ro\/mameadolescente\/wp-json\/wp\/v2\/comments?post=254"}],"version-history":[{"count":2,"href":"https:\/\/cicia.nt.ro\/mameadolescente\/wp-json\/wp\/v2\/posts\/254\/revisions"}],"predecessor-version":[{"id":257,"href":"https:\/\/cicia.nt.ro\/mameadolescente\/wp-json\/wp\/v2\/posts\/254\/revisions\/257"}],"wp:attachment":[{"href":"https:\/\/cicia.nt.ro\/mameadolescente\/wp-json\/wp\/v2\/media?parent=254"}],"wp:term":[{"taxonomy":"category","embeddable":true,"href":"https:\/\/cicia.nt.ro\/mameadolescente\/wp-json\/wp\/v2\/categories?post=254"},{"taxonomy":"post_tag","embeddable":true,"href":"https:\/\/cicia.nt.ro\/mameadolescente\/wp-json\/wp\/v2\/tags?post=254"}],"curies":[{"name":"wp","href":"https:\/\/api.w.org\/{rel}","templated":true}]}}